{"id":1641,"date":"2025-03-18T03:35:06","date_gmt":"2025-03-18T03:35:06","guid":{"rendered":"https:\/\/dermatologyscience.institute\/?p=1641"},"modified":"2025-03-26T11:23:11","modified_gmt":"2025-03-26T11:23:11","slug":"ar-tikrai-reikia-naudoti-spf-nuo-saules-kasdien-dermatologu-izvalgos","status":"publish","type":"post","link":"https:\/\/dermatologyscience.institute\/fi\/ar-tikrai-reikia-naudoti-spf-nuo-saules-kasdien-dermatologu-izvalgos\/","title":{"rendered":"Tarvitsetko todella SPF:\u00e4\u00e4 joka p\u00e4iv\u00e4? Dermatologien n\u00e4kemykset"},"content":{"rendered":"<p class=\"translation-block\">Monet ajattelevat yh\u00e4, ett\u00e4 aurinkosuojaa tarvitaan vain kes\u00e4ll\u00e4 tai suorassa auringonpaisteessa, mutta  <strong>ihotautil\u00e4\u00e4k\u00e4rit ovat yksimielisi\u00e4 \u2013 SPF on tarpeellinen joka p\u00e4iv\u00e4, s\u00e4\u00e4st\u00e4 tai vuodenajasta riippumatta.<\/strong><\/p>\n\n\n\n<p class=\"translation-block\">Ultraviolettis\u00e4teet (UV) l\u00e4p\u00e4isev\u00e4t pilvet, auton ikkunat ja jopa kotona olevat lasit, joten iho altistuu niille jatkuvasti. P\u00e4ivitt\u00e4inen aurinkovoiteen k\u00e4ytt\u00f6 on yksi tehokkaimmista tavoista <strong>ehk\u00e4ist\u00e4 ennenaikaista ik\u00e4\u00e4ntymist\u00e4, pigmenttil\u00e4iski\u00e4 ja ihosy\u00f6p\u00e4\u00e4<\/strong><\/p>\n\n\n\n<hr class=\"wp-block-separator has-alpha-channel-opacity is-style-wide\"\/>\n\n\n\n<h2 class=\"wp-block-heading\">P\u00e4ivitt\u00e4inen SPF-suoja: v\u00e4ltt\u00e4m\u00e4tt\u00f6myys, ei liioiteltua varovaisuutta<\/h2>\n\n\n\n<p>\"Vain 15 minuuttia ilman suojaa voi aiheuttaa ihovaurioita, jotka ajan my\u00f6t\u00e4 voivat johtaa vakavampiin ongelmiin, mukaan lukien ihosy\u00f6p\u00e4\", sanoo ihotautil\u00e4\u00e4k\u00e4ri tohtori Jessica Dietert.<\/p>\n\n\n\n<p class=\"translation-block\">Tutkimusten mukaan iho saa <strong>suurimman osan auringon aiheuttamista vaurioista p\u00e4ivitt\u00e4isess\u00e4 toiminnassa<\/strong> \u2013 jopa silloin, kun emme ole suorassa auringonpaisteessa \u2013 esimerkiksi matkalla t\u00f6ihin, istuessamme ikkunan \u00e4\u00e4ress\u00e4 tai k\u00e4ytt\u00e4ess\u00e4mme elektronisia laitteita, jotka l\u00e4hett\u00e4v\u00e4t sinivaloa.<\/p>\n\n\n\n<p>Pitk\u00e4aikainen UV-s\u00e4teilyn vaikutus:<\/p>\n\n\n\n<ul class=\"wp-block-list\">\n<li>Aiheuttaa ennenaikaista ryppyjen muodostumista ja ihon kimmoisuuden heikkenemist\u00e4<\/li>\n\n\n\n<li>Edist\u00e4\u00e4 hyperpigmentaatiota ja ep\u00e4tasaista ihon s\u00e4vy\u00e4<\/li>\n\n\n\n<li>Voi aiheuttaa ihovaurioita, jotka lis\u00e4\u00e4v\u00e4t ihosy\u00f6p\u00e4riski\u00e4<\/li>\n<\/ul>\n\n\n\n<p>Siksi p\u00e4ivitt\u00e4inen aurinkosuoja ei ole tarpeen vain ihon ulkon\u00e4\u00f6n yll\u00e4pit\u00e4miseksi, vaan my\u00f6s terveyden suojelemiseksi.<\/p>\n\n\n\n<hr class=\"wp-block-separator has-alpha-channel-opacity is-style-wide\"\/>\n\n\n\n<h2 class=\"wp-block-heading\">Kuinka valita oikea aurinkosuoja?<\/h2>\n\n\n\n<p>Kaikki aurinkosuojatuotteet eiv\u00e4t ole samanlaisia. Amerikan ihotautil\u00e4\u00e4k\u00e4rien akatemia (AAD) suosittelee valitsemaan:<\/p>\n\n\n\n<ul class=\"wp-block-list\">\n<li class=\"translation-block\"><strong>SPF 30 tai sit\u00e4 korkeampi<\/strong>  \u2013 suojaa tehokkaasti UVB-s\u00e4teilt\u00e4, jotka aiheuttavat auringonpolttamia ja lis\u00e4\u00e4v\u00e4t sy\u00f6p\u00e4riski\u00e4.<\/li>\n\n\n\n<li class=\"translation-block\"><strong>Laajakirjoinen suoja<\/strong> \u2013 suojaa sek\u00e4 UVB- ett\u00e4 UVA-s\u00e4teilt\u00e4, jotka aiheuttavat valovanhenemista.<\/li>\n\n\n\n<li class=\"translation-block\"><strong>Vedenkest\u00e4vyys<\/strong> \u2013 erityisen t\u00e4rke\u00e4\u00e4, jos oleskelet pitk\u00e4\u00e4n ulkona, liikut aktiivisesti tai olet veden \u00e4\u00e4rell\u00e4.<\/li>\n<\/ul>\n\n\n\n<p>Aurinkosuojatuotteet jaetaan kahteen p\u00e4\u00e4tyyppiin:<\/p>\n\n\n\n<p class=\"translation-block\">\u2714  <strong>Kemialliset suodattimet<\/strong> \u2013 imev\u00e4t UV-s\u00e4teit\u00e4 ja muuttavat ne l\u00e4mm\u00f6ksi. Ne ovat usein kevyempi\u00e4 ja imeytyv\u00e4t nopeasti ihoon.<\/p>\n\n\n\n<p class=\"translation-block\">\u2714 <strong>Mineraaliset suodattimet<\/strong> \u2013 muodostavat fyysisen esteen, joka heijastaa UV-s\u00e4teet pois iholta. Suositellaan herkk\u00e4ihoisille tai akneen taipuvaiselle iholle.<\/p>\n\n\n\n<hr class=\"wp-block-separator has-alpha-channel-opacity is-style-wide\"\/>\n\n\n\n<h2 class=\"wp-block-heading\">Asiantuntijoiden suositukset: luotettavat SPF-tuotteet<\/h2>\n\n\n\n<p>Dermatologit suosittelevat seuraavia tehokkaita tuotteita p\u00e4ivitt\u00e4iseen aurinkosuojaan:<\/p>\n\n\n\n<figure class=\"wp-block-image\"><img decoding=\"async\" src=\"https:\/\/lh7-rt.googleusercontent.com\/docsz\/AD_4nXdXWwlgCHKVnKI50dgrChyDghJMOqNgEqhktspDY72g7Zule_J1BAjlf0PvHNJWHwcKGasRpGNImC4AK6gmrzJuaG0eqSD8oJsub7BDYEDpZkz2m-zDv3oaEGA99pUuNoO70KEHfA?key=xHBXrzdICyxNVxjO-ReYas5P\" alt=\"\"\/><\/figure>\n\n\n\n<p class=\"has-text-align-center\"><a href=\"https:\/\/odoscentras.lt\/products\/beauty-of-joseon-matte-sun-stick?variant=47368632959313\"><strong>Beauty of Joseon Matte Sun Stick SPF50+<\/strong><\/a><\/p>\n\n\n\n<h3 class=\"wp-block-heading has-text-align-center\"><a href=\"https:\/\/odoscentras.lt\/products\/beauty-of-joseon-matte-sun-stick?variant=47368632959313\" data-type=\"link\" data-id=\"https:\/\/odoscentras.lt\/products\/beauty-of-joseon-matte-sun-stick?variant=47368632959313\">OSTA NYT<\/a><\/h3>\n\n\n\n<figure class=\"wp-block-image\"><img decoding=\"async\" src=\"https:\/\/lh7-rt.googleusercontent.com\/docsz\/AD_4nXePdTWrsXo1odEIEGMWvFF-GbC4BjYVCoPC6eWOTcjSl_vobGNZiq9jgH_nb8W_02_WxcAqu1tYaaDJRHkJTg4yt1z6ZTsGF6Wosaz5vqRF7494wNa2gHaoy6g2dNjd8_lfNQoPBA?key=xHBXrzdICyxNVxjO-ReYas5P\" alt=\"\"\/><\/figure>\n\n\n\n<p class=\"has-text-align-center\"><a href=\"https:\/\/odoscentras.lt\/products\/cosrx-aloe-soothing-sun-cream-spf-50?variant=47368628699473\"><strong>COSRX Aloe Soothing Sun Cream SPF50<\/strong><\/a><\/p>\n\n\n\n<h3 class=\"wp-block-heading has-text-align-center\"><a href=\"https:\/\/odoscentras.lt\/products\/cosrx-aloe-soothing-sun-cream-spf-50?variant=47368628699473\" data-type=\"link\" data-id=\"https:\/\/odoscentras.lt\/products\/cosrx-aloe-soothing-sun-cream-spf-50?variant=47368628699473\">OSTA NYT<\/a><\/h3>\n\n\n\n<figure class=\"wp-block-image\"><img decoding=\"async\" src=\"https:\/\/lh7-rt.googleusercontent.com\/docsz\/AD_4nXe7bIM4h7jxqWM7Z1q7-CIMc6Te1TP_XD5dh8KeVIAd06l_HSoQsCpYJgLjiVGzm2CijI0AKklBB9KdI0YGVEUm5EPd1tCkaKbumeiuxdjlmXq18bpHOZdG71wPw-dn28r_QhRJDA?key=xHBXrzdICyxNVxjO-ReYas5P\" alt=\"\"\/><\/figure>\n\n\n\n<p class=\"has-text-align-center\"><a href=\"https:\/\/odoscentras.lt\/products\/canmake-mermaid-skin-gel-uv-spf-50-pa-clear?variant=47368631714129\"><strong>CANMAKE Mermaid Skin Gel UV (clear) SPF 50+<\/strong><\/a><\/p>\n\n\n\n<h3 class=\"wp-block-heading has-text-align-center\"><a href=\"https:\/\/odoscentras.lt\/products\/canmake-mermaid-skin-gel-uv-spf-50-pa-clear?variant=47368631714129\" data-type=\"link\" data-id=\"https:\/\/odoscentras.lt\/products\/canmake-mermaid-skin-gel-uv-spf-50-pa-clear?variant=47368631714129\">OSTA NYT<\/a><\/h3>\n\n\n\n<hr class=\"wp-block-separator has-alpha-channel-opacity is-style-wide\"\/>\n\n\n\n<h2 class=\"wp-block-heading\">Kuo pavojinga saul\u0117 apsiniaukusiomis dienomis?<\/h2>\n\n\n\n<p>Daugelis mano, kad debesuotomis dienomis saul\u0117s spinduliai nekenkia, ta\u010diau tai klaidingas \u012fsitikinimas. Net ir esant debesuotam orui:<\/p>\n\n\n\n<ul class=\"wp-block-list\">\n<li>Iki 80 % UV spinduli\u0173 prasiskverbia pro debesis, tod\u0117l oda vis tiek patiria \u017eal\u0105.<\/li>\n\n\n\n<li>V\u0117sesn\u0117 temperat\u016bra neapsaugo nuo UV spinduli\u0173 \u2013 net \u017eiem\u0105 jie gali b\u016bti intensyv\u016bs, ypa\u010d atspindintys nuo sniego.<\/li>\n\n\n\n<li>Saul\u0117s spinduliai prasiskverbia pro langus, tod\u0117l dirbant prie lango ar va\u017eiuojant automobiliu oda gali b\u016bti veikiama UV \u017ealos.<\/li>\n<\/ul>\n\n\n\n<p>Tod\u0117l net debesuotomis dienomis SPF naudojimas yra b\u016btinas.<\/p>\n\n\n\n<hr class=\"wp-block-separator has-alpha-channel-opacity is-style-wide\"\/>\n\n\n\n<h2 class=\"wp-block-heading\">Kaip apsaugoti od\u0105 be SPF?<\/h2>\n\n\n\n<p>Be apsauginio kremo, yra ir kit\u0173 b\u016bd\u0173 suma\u017einti UV spinduli\u0173 poveik\u012f:<\/p>\n\n\n\n<ul class=\"wp-block-list\">\n<li><strong>Naudoti UPF 50+ drabu\u017eius \u2013 jie u\u017etikrina efektyvi\u0105 apsaug\u0105 nuo UV spinduli\u0173.<\/strong><\/li>\n\n\n\n<li><strong>Ne\u0161ioti skryb\u0117les ir akinius nuo saul\u0117s \u2013 padeda apsaugoti jautriausias odos vietas (veid\u0105, kakl\u0105, akis).<\/strong><\/li>\n\n\n\n<li><strong>Vengti saul\u0117s piko valandomis \u2013 nuo 10 iki 14 val. spinduliai yra intensyviausi.<\/strong><\/li>\n\n\n\n<li><strong>Vengti soliarium\u0173 \u2013 dirbtiniai UV spinduliai yra dar agresyvesni odai nei nat\u016brali saul\u0117.<\/strong><\/li>\n<\/ul>\n\n\n\n<hr class=\"wp-block-separator has-alpha-channel-opacity is-style-wide\"\/>\n\n\n\n<h2 class=\"wp-block-heading\">Makia\u017eo pagrindas su SPF \u2013 ar to pakanka?<\/h2>\n\n\n\n<p>Daugelis makia\u017eo priemoni\u0173 turi SPF, ta\u010diau jos negali pakeisti visavert\u0117s apsaugos. Norint pasiekti etiket\u0117je nurodyt\u0105 SPF, reik\u0117t\u0173 naudoti bent 6\u20137 kartus daugiau produkto, nei paprastai naudojame.<\/p>\n\n\n\n<p>Tod\u0117l dermatologai rekomenduoja SPF krem\u0105 tepti kaip atskir\u0105 sluoksn\u012f, o makia\u017e\u0105 su SPF laikyti papildoma apsauga.<\/p>\n\n\n\n<hr class=\"wp-block-separator has-alpha-channel-opacity is-style-wide\"\/>\n\n\n\n<h2 class=\"wp-block-heading\">Vitaminas D ir SPF \u2013 ar tikrai gali tr\u016bkti saul\u0117s?<\/h2>\n\n\n\n<p>Kai kurie \u017emon\u0117s nerimauja, kad naudojant SPF organizmas negaus pakankamai vitamino D. Ta\u010diau moksliniai tyrimai rodo, kad net reguliariai naudojant apsaug\u0105 nuo saul\u0117s:<\/p>\n\n\n\n<ul class=\"wp-block-list\">\n<li>Oda vis tiek sugeria pakankamai UVB spinduli\u0173, kad sintetint\u0173 vitamin\u0105 D.<\/li>\n\n\n\n<li>Papildai ir subalansuota mityba yra geresn\u0117 alternatyva nei saul\u0117s \u017eala.<\/li>\n\n\n\n<li>Per didelis saul\u0117s poveikis ne tik nepadeda, bet ir gali sukelti ilgalaiki\u0173 sveikatos problem\u0173.<\/li>\n<\/ul>\n\n\n\n<p>Jei vis dar nerimaujate d\u0117l vitamino D kiekio organizme, verta pasitarti su gydytoju d\u0117l alternatyvi\u0173 \u0161altini\u0173.<\/p>\n\n\n\n<hr class=\"wp-block-separator has-alpha-channel-opacity is-style-wide\"\/>\n\n\n\n<h2 class=\"wp-block-heading\">Galutin\u0117s i\u0161vados: kod\u0117l SPF b\u016btinas kasdien?<\/h2>\n\n\n\n<ul class=\"wp-block-list\">\n<li>Saul\u0117s \u017eala kaupiasi vis\u0105 gyvenim\u0105, tod\u0117l kasdien\u0117 apsauga nuo UV spinduli\u0173 yra svarbiausia prevencin\u0117 priemon\u0117.<\/li>\n\n\n\n<li>Net ir debesuotomis dienomis UV spinduliai gali sukelti odos pa\u017eeidimus.<\/li>\n\n\n\n<li>Tamsesn\u0117s odos \u017emon\u0117ms taip pat reikalinga apsauga nuo saul\u0117s, nes ji padeda i\u0161vengti hiperpigmentacijos ir odos sen\u0117jimo po\u017eymi\u0173.<\/li>\n\n\n\n<li>Makia\u017eo su SPF nepakanka \u2013 b\u016btina naudoti atskir\u0105 apsaugin\u012f krem\u0105.<\/li>\n<\/ul>\n\n\n\n<p><\/p>","protected":false},"excerpt":{"rendered":"<p>Daugelis vis dar mano, kad apsauga nuo saul\u0117s b\u016btina tik vasar\u0105 arba kai tiesiogiai b\u016bnant&hellip;<\/p>","protected":false},"author":5,"featured_media":1642,"comment_status":"open","ping_status":"open","sticky":false,"template":"","format":"standard","meta":{"_coblocks_attr":"","_coblocks_dimensions":"","_coblocks_responsive_height":"","_coblocks_accordion_ie_support":"","_lmt_disableupdate":"","_lmt_disable":"","footnotes":""},"categories":[91,89],"tags":[],"class_list":["post-1641","post","type-post","status-publish","format-standard","has-post-thumbnail","hentry","category-kasdiene-rutina","category-oda"],"_links":{"self":[{"href":"https:\/\/dermatologyscience.institute\/fi\/wp-json\/wp\/v2\/posts\/1641","targetHints":{"allow":["GET"]}}],"collection":[{"href":"https:\/\/dermatologyscience.institute\/fi\/wp-json\/wp\/v2\/posts"}],"about":[{"href":"https:\/\/dermatologyscience.institute\/fi\/wp-json\/wp\/v2\/types\/post"}],"author":[{"embeddable":true,"href":"https:\/\/dermatologyscience.institute\/fi\/wp-json\/wp\/v2\/users\/5"}],"replies":[{"embeddable":true,"href":"https:\/\/dermatologyscience.institute\/fi\/wp-json\/wp\/v2\/comments?post=1641"}],"version-history":[{"count":4,"href":"https:\/\/dermatologyscience.institute\/fi\/wp-json\/wp\/v2\/posts\/1641\/revisions"}],"predecessor-version":[{"id":1970,"href":"https:\/\/dermatologyscience.institute\/fi\/wp-json\/wp\/v2\/posts\/1641\/revisions\/1970"}],"wp:featuredmedia":[{"embeddable":true,"href":"https:\/\/dermatologyscience.institute\/fi\/wp-json\/wp\/v2\/media\/1642"}],"wp:attachment":[{"href":"https:\/\/dermatologyscience.institute\/fi\/wp-json\/wp\/v2\/media?parent=1641"}],"wp:term":[{"taxonomy":"category","embeddable":true,"href":"https:\/\/dermatologyscience.institute\/fi\/wp-json\/wp\/v2\/categories?post=1641"},{"taxonomy":"post_tag","embeddable":true,"href":"https:\/\/dermatologyscience.institute\/fi\/wp-json\/wp\/v2\/tags?post=1641"}],"curies":[{"name":"wp","href":"https:\/\/api.w.org\/{rel}","templated":true}]}}