{"id":1641,"date":"2025-03-18T03:35:06","date_gmt":"2025-03-18T03:35:06","guid":{"rendered":"https:\/\/dermatologyscience.institute\/?p=1641"},"modified":"2025-03-26T11:23:11","modified_gmt":"2025-03-26T11:23:11","slug":"ar-tikrai-reikia-naudoti-spf-nuo-saules-kasdien-dermatologu-izvalgos","status":"publish","type":"post","link":"https:\/\/dermatologyscience.institute\/sv\/ar-tikrai-reikia-naudoti-spf-nuo-saules-kasdien-dermatologu-izvalgos\/","title":{"rendered":"Beh\u00f6ver du verkligen SPF varje dag? Dermatologers insikter"},"content":{"rendered":"<p class=\"translation-block\">M\u00e5nga tror fortfarande att solskydd endast \u00e4r n\u00f6dv\u00e4ndigt p\u00e5 sommaren eller n\u00e4r man tillbringar l\u00e5ng tid utomhus. Men <strong>dermatologer \u00e4r eniga \u2013 SPF \u00e4r avg\u00f6rande varje dag, oavsett v\u00e4der eller \u00e5rstid.<\/strong><\/p>\n\n\n\n<p class=\"translation-block\">Ultravioletta (UV) str\u00e5lar tr\u00e4nger igenom moln, bilf\u00f6nster och till och med inomhusglas, vilket inneb\u00e4r att din hud kontinuerligt uts\u00e4tts. Daglig applicering av solskydd \u00e4r ett av de mest effektiva s\u00e4tten att <strong>f\u00f6rhindra f\u00f6r tidigt \u00e5ldrande, pigmentfl\u00e4ckar och hudcancer<\/strong>.<\/p>\n\n\n\n<hr class=\"wp-block-separator has-alpha-channel-opacity is-style-wide\"\/>\n\n\n\n<h2 class=\"wp-block-heading\">Dagligt solskydd: En n\u00f6dv\u00e4ndighet, inte en \u00f6verreaktion<\/h2>\n\n\n\n<p>\"S\u00e5 lite som 15 minuter utan solskydd kan orsaka hudskador, vilket \u00f6ver tid kan leda till allvarligare problem, inklusive hudcancer,\" s\u00e4ger dermatologen Dr. Jessica Dietert.<\/p>\n\n\n\n<p class=\"translation-block\"><strong>Forskning visar att de flesta solskador uppst\u00e5r under vardagliga aktiviteter<\/strong>, \u00e4ven n\u00e4r vi inte \u00e4r direkt i solen \u2013 att g\u00e5 till jobbet, sitta vid ett f\u00f6nster, eller till och med anv\u00e4nda elektroniska enheter som avger bl\u00e5tt ljus.<\/p>\n\n\n\n<p>L\u00e5ngsiktiga effekter av UV-exponering:<\/p>\n\n\n\n<ul class=\"wp-block-list\">\n<li>P\u00e5skyndar bildandet av rynkor och minskar hudens elasticitet<\/li>\n\n\n\n<li>Utl\u00f6ser hyperpigmentering och oj\u00e4mn hudton<\/li>\n\n\n\n<li>\u00d6kar risken f\u00f6r hudskador som kan leda till hudcancer<\/li>\n<\/ul>\n\n\n\n<p>D\u00e4rf\u00f6r \u00e4r dagligt solskydd avg\u00f6rande inte bara f\u00f6r att bibeh\u00e5lla en estetiskt h\u00e4lsosam hy, utan ocks\u00e5 f\u00f6r att bevara den \u00f6vergripande hudh\u00e4lsan.<\/p>\n\n\n\n<hr class=\"wp-block-separator has-alpha-channel-opacity is-style-wide\"\/>\n\n\n\n<h2 class=\"wp-block-heading\">Hur v\u00e4ljer man r\u00e4tt solskydd?<\/h2>\n\n\n\n<p>Alla solskyddsmedel \u00e4r inte skapade lika. American Academy of Dermatology (AAD) rekommenderar att man v\u00e4ljer ett solskydd med:<\/p>\n\n\n\n<ul class=\"wp-block-list\">\n<li class=\"translation-block\"><strong>SPF 30 eller h\u00f6gre<\/strong> \u2013 skyddar effektivt mot UVB-str\u00e5lar, som orsakar br\u00e4nnskador och \u00f6kar risken f\u00f6r cancer.<\/li>\n\n\n\n<li class=\"translation-block\"><strong>Bredspektrumskydd<\/strong> \u2013 skyddar mot b\u00e5de UVB- och UVA-str\u00e5lar, som orsakar foto\u00e5ldrande.<\/li>\n\n\n\n<li class=\"translation-block\"><strong>Vattenresistens<\/strong> \u2013 idealiskt om du spenderar tid utomhus, \u00e4gnar dig \u00e5t fysisk aktivitet eller \u00e4r n\u00e4ra vatten.<\/li>\n<\/ul>\n\n\n\n<p>Typer av SPF-formler:<\/p>\n\n\n\n<p class=\"translation-block\">\u2714 <strong>Kemiska filter<\/strong> \u2013 absorberar UV-str\u00e5lar och omvandlar dem till v\u00e4rme. De \u00e4r ofta l\u00e4tta och absorberas snabbt av huden.<\/p>\n\n\n\n<p class=\"translation-block\">\u2714 <strong>Mineraliska filter<\/strong> \u2013 skapar ett fysiskt skydd som reflekterar UV-str\u00e5lar. Rekommenderas f\u00f6r k\u00e4nslig eller akneben\u00e4gen hud.<\/p>\n\n\n\n<hr class=\"wp-block-separator has-alpha-channel-opacity is-style-wide\"\/>\n\n\n\n<h2 class=\"wp-block-heading\">Expertrekommendationer: P\u00e5litliga solskyddsprodukter<\/h2>\n\n\n\n<p>Dermatologer rekommenderar dessa effektiva dagliga solskyddsprodukter:<\/p>\n\n\n\n<figure class=\"wp-block-image\"><img decoding=\"async\" src=\"https:\/\/lh7-rt.googleusercontent.com\/docsz\/AD_4nXdXWwlgCHKVnKI50dgrChyDghJMOqNgEqhktspDY72g7Zule_J1BAjlf0PvHNJWHwcKGasRpGNImC4AK6gmrzJuaG0eqSD8oJsub7BDYEDpZkz2m-zDv3oaEGA99pUuNoO70KEHfA?key=xHBXrzdICyxNVxjO-ReYas5P\" alt=\"\"\/><\/figure>\n\n\n\n<p class=\"has-text-align-center\"><a href=\"https:\/\/odoscentras.lt\/products\/beauty-of-joseon-matte-sun-stick?variant=47368632959313\"><strong>Beauty of Joseon Matte Sun Stick SPF50+<\/strong><\/a><\/p>\n\n\n\n<h3 class=\"wp-block-heading has-text-align-center\"><a href=\"https:\/\/odoscentras.lt\/products\/beauty-of-joseon-matte-sun-stick?variant=47368632959313\" data-type=\"link\" data-id=\"https:\/\/odoscentras.lt\/products\/beauty-of-joseon-matte-sun-stick?variant=47368632959313\">HANDLA NU<\/a><\/h3>\n\n\n\n<figure class=\"wp-block-image\"><img decoding=\"async\" src=\"https:\/\/lh7-rt.googleusercontent.com\/docsz\/AD_4nXePdTWrsXo1odEIEGMWvFF-GbC4BjYVCoPC6eWOTcjSl_vobGNZiq9jgH_nb8W_02_WxcAqu1tYaaDJRHkJTg4yt1z6ZTsGF6Wosaz5vqRF7494wNa2gHaoy6g2dNjd8_lfNQoPBA?key=xHBXrzdICyxNVxjO-ReYas5P\" alt=\"\"\/><\/figure>\n\n\n\n<p class=\"has-text-align-center\"><a href=\"https:\/\/odoscentras.lt\/products\/cosrx-aloe-soothing-sun-cream-spf-50?variant=47368628699473\"><strong>COSRX Aloe Soothing Sun Cream SPF50<\/strong><\/a><\/p>\n\n\n\n<h3 class=\"wp-block-heading has-text-align-center\"><a href=\"https:\/\/odoscentras.lt\/products\/cosrx-aloe-soothing-sun-cream-spf-50?variant=47368628699473\" data-type=\"link\" data-id=\"https:\/\/odoscentras.lt\/products\/cosrx-aloe-soothing-sun-cream-spf-50?variant=47368628699473\">HANDLA NU<\/a><\/h3>\n\n\n\n<figure class=\"wp-block-image\"><img decoding=\"async\" src=\"https:\/\/lh7-rt.googleusercontent.com\/docsz\/AD_4nXe7bIM4h7jxqWM7Z1q7-CIMc6Te1TP_XD5dh8KeVIAd06l_HSoQsCpYJgLjiVGzm2CijI0AKklBB9KdI0YGVEUm5EPd1tCkaKbumeiuxdjlmXq18bpHOZdG71wPw-dn28r_QhRJDA?key=xHBXrzdICyxNVxjO-ReYas5P\" alt=\"\"\/><\/figure>\n\n\n\n<p class=\"has-text-align-center\"><a href=\"https:\/\/odoscentras.lt\/products\/canmake-mermaid-skin-gel-uv-spf-50-pa-clear?variant=47368631714129\"><strong>CANMAKE Mermaid Skin Gel UV (clear) SPF 50+<\/strong><\/a><\/p>\n\n\n\n<h3 class=\"wp-block-heading has-text-align-center\"><a href=\"https:\/\/odoscentras.lt\/products\/canmake-mermaid-skin-gel-uv-spf-50-pa-clear?variant=47368631714129\" data-type=\"link\" data-id=\"https:\/\/odoscentras.lt\/products\/canmake-mermaid-skin-gel-uv-spf-50-pa-clear?variant=47368631714129\">HANDLA NU<\/a><\/h3>\n\n\n\n<hr class=\"wp-block-separator has-alpha-channel-opacity is-style-wide\"\/>\n\n\n\n<h2 class=\"wp-block-heading\">\u00c4r solen farlig p\u00e5 molniga dagar?<\/h2>\n\n\n\n<p>M\u00e5nga antar att moln blockerar de skadliga str\u00e5larna, men detta \u00e4r en vanlig missuppfattning. \u00c4ven p\u00e5 molniga dagar:<\/p>\n\n\n\n<ul class=\"wp-block-list\">\n<li>Upp till 80% av UV-str\u00e5larna tr\u00e4nger igenom moln, vilket inneb\u00e4r att din hud fortfarande \u00e4r i riskzonen.<\/li>\n\n\n\n<li>Kallare temperaturer skyddar inte mot UV-skador \u2013 \u00e4ven p\u00e5 vintern \u00e4r UV-str\u00e5larna fortfarande starka, s\u00e4rskilt n\u00e4r de reflekteras fr\u00e5n sn\u00f6.<\/li>\n\n\n\n<li>UV-str\u00e5lar tr\u00e4nger igenom f\u00f6nster, s\u00e5 att arbeta n\u00e4ra ett f\u00f6nster eller k\u00f6ra bil uts\u00e4tter din hud f\u00f6r solskador.<\/li>\n<\/ul>\n\n\n\n<p>SPF \u00e4r fortfarande avg\u00f6rande varje dag, oavsett v\u00e4der.<\/p>\n\n\n\n<hr class=\"wp-block-separator has-alpha-channel-opacity is-style-wide\"\/>\n\n\n\n<h2 class=\"wp-block-heading\">Hur skyddar du din hud bortom SPF?<\/h2>\n\n\n\n<p>F\u00f6rutom solskydd kan andra \u00e5tg\u00e4rder minska UV-exponeringen:<\/p>\n\n\n\n<ul class=\"wp-block-list\">\n<li><strong>B\u00e4r UPF 50+ kl\u00e4der \u2013 s\u00e4kerst\u00e4ller effektivt solskydd.<\/strong><\/li>\n\n\n\n<li><strong>Anv\u00e4nd hattar och solglas\u00f6gon \u2013 skyddar de mest k\u00e4nsliga omr\u00e5dena (ansikte, nacke och \u00f6gon).<\/strong><\/li>\n\n\n\n<li><strong>Undvik de starkaste soltimmarna \u2013 UV-str\u00e5lar \u00e4r som starkast mellan 10:00 och 14:00.<\/strong><\/li>\n\n\n\n<li><strong>Undvik solarium \u2013 artificiell UV-exponering \u00e4r \u00e4nnu mer aggressiv \u00e4n naturligt solljus.<\/strong><\/li>\n<\/ul>\n\n\n\n<hr class=\"wp-block-separator has-alpha-channel-opacity is-style-wide\"\/>\n\n\n\n<h2 class=\"wp-block-heading\">\u00c4r smink med SPF tillr\u00e4ckligt?<\/h2>\n\n\n\n<p>M\u00e5nga sminkprodukter inneh\u00e5ller SPF, men de \u00e4r inte ett tillr\u00e4ckligt substitut f\u00f6r dedikerat solskydd. F\u00f6r att n\u00e5 den annonserade SPF-niv\u00e5n skulle du beh\u00f6va applicera 6\u20137 g\u00e5nger mer produkt \u00e4n vanligt.<\/p>\n\n\n\n<p>D\u00e4rf\u00f6r rekommenderar dermatologer att applicera SPF-kr\u00e4m som ett separat lager, medan smink med SPF b\u00f6r betraktas som ett extra skydd.<\/p>\n\n\n\n<hr class=\"wp-block-separator has-alpha-channel-opacity is-style-wide\"\/>\n\n\n\n<h2 class=\"wp-block-heading\">Vitamin D och SPF \u2013 f\u00e5r du tillr\u00e4ckligt med sol?<\/h2>\n\n\n\n<p>Vissa oroar sig f\u00f6r att regelbunden anv\u00e4ndning av solskydd kan leda till vitamin D-brist. Forskning bekr\u00e4ftar att:<\/p>\n\n\n\n<ul class=\"wp-block-list\">\n<li>Din hud absorberar fortfarande tillr\u00e4ckligt med UVB-str\u00e5lar f\u00f6r att syntetisera vitamin D, \u00e4ven med solskydd.<\/li>\n\n\n\n<li>Tillskott och en balanserad kost \u00e4r ett b\u00e4ttre alternativ \u00e4n \u00f6verdriven sol exponering.<\/li>\n\n\n\n<li>\u00d6verexponering f\u00f6r solljus g\u00f6r mer skada \u00e4n nytta och kan leda till allvarliga h\u00e4lsoproblem.<\/li>\n<\/ul>\n\n\n\n<p>Om du \u00e4r orolig f\u00f6r dina vitamin D-niv\u00e5er, r\u00e5dfr\u00e5ga en l\u00e4kare f\u00f6r alternativa k\u00e4llor.<\/p>\n\n\n\n<hr class=\"wp-block-separator has-alpha-channel-opacity is-style-wide\"\/>\n\n\n\n<h2 class=\"wp-block-heading\">Slutgiltiga insikter: Varf\u00f6r \u00e4r SPF avg\u00f6rande varje dag?<\/h2>\n\n\n\n<ul class=\"wp-block-list\">\n<li>Solskador ackumuleras under en livstid, vilket g\u00f6r dagligt UV-skydd till den viktigaste f\u00f6rebyggande \u00e5tg\u00e4rden.<\/li>\n\n\n\n<li>UV-str\u00e5lar orsakar skador \u00e4ven p\u00e5 molniga dagar.<\/li>\n\n\n\n<li>M\u00f6rkare hudtoner beh\u00f6ver ocks\u00e5 solskydd f\u00f6r att f\u00f6rhindra hyperpigmentering och f\u00f6r tidigt \u00e5ldrande.<\/li>\n\n\n\n<li>SPF i smink \u00e4r inte tillr\u00e4ckligt \u2013 ett solskyddsskydd p\u00e5 egen hand \u00e4r ett m\u00e5ste.<\/li>\n<\/ul>\n\n\n\n<p><\/p>","protected":false},"excerpt":{"rendered":"<p>Daugelis vis dar mano, kad apsauga nuo saul\u0117s b\u016btina tik vasar\u0105 arba kai tiesiogiai b\u016bnant&hellip;<\/p>","protected":false},"author":5,"featured_media":1642,"comment_status":"open","ping_status":"open","sticky":false,"template":"","format":"standard","meta":{"_coblocks_attr":"","_coblocks_dimensions":"","_coblocks_responsive_height":"","_coblocks_accordion_ie_support":"","_lmt_disableupdate":"","_lmt_disable":"","footnotes":""},"categories":[91,89],"tags":[],"class_list":["post-1641","post","type-post","status-publish","format-standard","has-post-thumbnail","hentry","category-kasdiene-rutina","category-oda"],"_links":{"self":[{"href":"https:\/\/dermatologyscience.institute\/sv\/wp-json\/wp\/v2\/posts\/1641","targetHints":{"allow":["GET"]}}],"collection":[{"href":"https:\/\/dermatologyscience.institute\/sv\/wp-json\/wp\/v2\/posts"}],"about":[{"href":"https:\/\/dermatologyscience.institute\/sv\/wp-json\/wp\/v2\/types\/post"}],"author":[{"embeddable":true,"href":"https:\/\/dermatologyscience.institute\/sv\/wp-json\/wp\/v2\/users\/5"}],"replies":[{"embeddable":true,"href":"https:\/\/dermatologyscience.institute\/sv\/wp-json\/wp\/v2\/comments?post=1641"}],"version-history":[{"count":4,"href":"https:\/\/dermatologyscience.institute\/sv\/wp-json\/wp\/v2\/posts\/1641\/revisions"}],"predecessor-version":[{"id":1970,"href":"https:\/\/dermatologyscience.institute\/sv\/wp-json\/wp\/v2\/posts\/1641\/revisions\/1970"}],"wp:featuredmedia":[{"embeddable":true,"href":"https:\/\/dermatologyscience.institute\/sv\/wp-json\/wp\/v2\/media\/1642"}],"wp:attachment":[{"href":"https:\/\/dermatologyscience.institute\/sv\/wp-json\/wp\/v2\/media?parent=1641"}],"wp:term":[{"taxonomy":"category","embeddable":true,"href":"https:\/\/dermatologyscience.institute\/sv\/wp-json\/wp\/v2\/categories?post=1641"},{"taxonomy":"post_tag","embeddable":true,"href":"https:\/\/dermatologyscience.institute\/sv\/wp-json\/wp\/v2\/tags?post=1641"}],"curies":[{"name":"wp","href":"https:\/\/api.w.org\/{rel}","templated":true}]}}